{"id":966,"date":"2021-12-01T14:50:17","date_gmt":"2021-12-01T17:50:17","guid":{"rendered":"http:\/\/setransportes.com.br\/site\/?p=966"},"modified":"2021-12-13T13:48:31","modified_gmt":"2021-12-13T16:48:31","slug":"motivos-para-escolher-uma-transportadora","status":"publish","type":"post","link":"https:\/\/setransportes.com.br\/site\/2021\/12\/01\/motivos-para-escolher-uma-transportadora\/","title":{"rendered":"Prefira uma transportadora ao inv\u00e9s de aut\u00f4nomos"},"content":{"rendered":"\t\t<div data-elementor-type=\"wp-post\" data-elementor-id=\"966\" class=\"elementor elementor-966\" data-elementor-settings=\"[]\">\n\t\t\t\t\t\t<div class=\"elementor-inner\">\n\t\t\t\t\t\t\t<div class=\"elementor-section-wrap\">\n\t\t\t\t\t\t\t<section class=\"elementor-section elementor-top-section elementor-element elementor-element-d7f8a3f elementor-section-boxed elementor-section-height-default elementor-section-height-default\" data-id=\"d7f8a3f\" data-element_type=\"section\">\n\t\t\t\t\t\t<div class=\"elementor-container elementor-column-gap-default\">\n\t\t\t\t\t\t\t<div class=\"elementor-row\">\n\t\t\t\t\t<div class=\"elementor-column elementor-col-100 elementor-top-column elementor-element elementor-element-bc32ba7\" data-id=\"bc32ba7\" data-element_type=\"column\">\n\t\t\t<div class=\"elementor-column-wrap elementor-element-populated\">\n\t\t\t\t\t\t\t<div class=\"elementor-widget-wrap\">\n\t\t\t\t\t\t<div class=\"elementor-element elementor-element-2f5a264 elementor-widget elementor-widget-heading\" data-id=\"2f5a264\" data-element_type=\"widget\" data-widget_type=\"heading.default\">\n\t\t\t\t<div class=\"elementor-widget-container\">\n\t\t\t<h1 class=\"elementor-heading-title elementor-size-default\">Motivos para se contratar uma transportadora ao inv\u00e9s de motorista aut\u00f4nomo<\/h1>\t\t<\/div>\n\t\t\t\t<\/div>\n\t\t\t\t<div class=\"elementor-element elementor-element-e155804 elementor-widget elementor-widget-spacer\" data-id=\"e155804\" data-element_type=\"widget\" data-widget_type=\"spacer.default\">\n\t\t\t\t<div class=\"elementor-widget-container\">\n\t\t\t\t\t<div class=\"elementor-spacer\">\n\t\t\t<div class=\"elementor-spacer-inner\"><\/div>\n\t\t<\/div>\n\t\t\t\t<\/div>\n\t\t\t\t<\/div>\n\t\t\t\t<div class=\"elementor-element elementor-element-b48dbfb elementor-widget elementor-widget-text-editor\" data-id=\"b48dbfb\" data-element_type=\"widget\" data-widget_type=\"text-editor.default\">\n\t\t\t\t<div class=\"elementor-widget-container\">\n\t\t\t\t\t<div class=\"elementor-text-editor elementor-clearfix\"><p><span style=\"font-weight: 400;\">O transporte de cargas pelo modal rodovi\u00e1rio \u00e9 o que mais movimenta a economia aqui em nosso pa\u00eds. Muitas empresas do ramo ficam em d\u00favidas entre contratar uma transportadora ao inv\u00e9s de motorista aut\u00f4nomo, mas, veremos que h\u00e1 muitas diferen\u00e7as nessas diferentes contrata\u00e7\u00f5es.<\/span><\/p><p><span style=\"font-weight: 400;\">Afinal, temos nos dois lados da moeda a contrata\u00e7\u00e3o de um profissional liberal ou a contrata\u00e7\u00e3o de uma empresa de transportes de cargas. Claro que h\u00e1 vantagens e desvantagens nos dois v\u00ednculos, por\u00e9m, o que muitos n\u00e3o sabem \u00e9 do risco que contratar aut\u00f4nomos pode gerar para uma organiza\u00e7\u00e3o.<\/span><\/p><p><span style=\"font-weight: 400;\">Problemas que poderiam sequer ser imaginados, como aqueles ligados aos processos trabalhistas. Ent\u00e3o, quanto mais voc\u00ea se informa sobre o assunto, melhor estar\u00e1 preparado para fazer contrata\u00e7\u00f5es mais assertivas para sua organiza\u00e7\u00e3o.<\/span><\/p><p><span style=\"font-weight: 400;\">Continue a leitura e saber mais sobre o tema!<\/span><\/p><\/div>\n\t\t\t\t<\/div>\n\t\t\t\t<\/div>\n\t\t\t\t<div class=\"elementor-element elementor-element-e14fd9f elementor-widget elementor-widget-image\" data-id=\"e14fd9f\" data-element_type=\"widget\" data-widget_type=\"image.default\">\n\t\t\t\t<div class=\"elementor-widget-container\">\n\t\t\t\t\t<div class=\"elementor-image\">\n\t\t\t\t\t\t\t\t\t\t<img width=\"660\" height=\"354\" src=\"https:\/\/setransportes.com.br\/site\/wp-content\/uploads\/2021\/12\/escolhendo-uma-transportadora.jpg\" class=\"attachment-large size-large\" alt=\"\" loading=\"lazy\" srcset=\"https:\/\/setransportes.com.br\/site\/wp-content\/uploads\/2021\/12\/escolhendo-uma-transportadora.jpg 709w, https:\/\/setransportes.com.br\/site\/wp-content\/uploads\/2021\/12\/escolhendo-uma-transportadora-300x161.jpg 300w\" sizes=\"(max-width: 660px) 100vw, 660px\" \/>\t\t\t\t\t\t\t\t\t\t\t<\/div>\n\t\t\t\t<\/div>\n\t\t\t\t<\/div>\n\t\t\t\t<div class=\"elementor-element elementor-element-2ea56f2 elementor-widget elementor-widget-spacer\" data-id=\"2ea56f2\" data-element_type=\"widget\" data-widget_type=\"spacer.default\">\n\t\t\t\t<div class=\"elementor-widget-container\">\n\t\t\t\t\t<div class=\"elementor-spacer\">\n\t\t\t<div class=\"elementor-spacer-inner\"><\/div>\n\t\t<\/div>\n\t\t\t\t<\/div>\n\t\t\t\t<\/div>\n\t\t\t\t\t\t<\/div>\n\t\t\t\t\t<\/div>\n\t\t<\/div>\n\t\t\t\t\t\t\t\t<\/div>\n\t\t\t\t\t<\/div>\n\t\t<\/section>\n\t\t\t\t<section class=\"elementor-section elementor-top-section elementor-element elementor-element-4d5f8c2 elementor-section-boxed elementor-section-height-default elementor-section-height-default\" data-id=\"4d5f8c2\" data-element_type=\"section\">\n\t\t\t\t\t\t<div class=\"elementor-container elementor-column-gap-default\">\n\t\t\t\t\t\t\t<div class=\"elementor-row\">\n\t\t\t\t\t<div class=\"elementor-column elementor-col-100 elementor-top-column elementor-element elementor-element-a7586b3\" data-id=\"a7586b3\" data-element_type=\"column\">\n\t\t\t<div class=\"elementor-column-wrap elementor-element-populated\">\n\t\t\t\t\t\t\t<div class=\"elementor-widget-wrap\">\n\t\t\t\t\t\t<div class=\"elementor-element elementor-element-1d6d738 elementor-widget elementor-widget-heading\" data-id=\"1d6d738\" data-element_type=\"widget\" data-widget_type=\"heading.default\">\n\t\t\t\t<div class=\"elementor-widget-container\">\n\t\t\t<h2 class=\"elementor-heading-title elementor-size-default\">H\u00e1 riscos de processo trabalhista pelo motorista aut\u00f4nomo<\/h2>\t\t<\/div>\n\t\t\t\t<\/div>\n\t\t\t\t<div class=\"elementor-element elementor-element-6b41a81 elementor-widget elementor-widget-text-editor\" data-id=\"6b41a81\" data-element_type=\"widget\" data-widget_type=\"text-editor.default\">\n\t\t\t\t<div class=\"elementor-widget-container\">\n\t\t\t\t\t<div class=\"elementor-text-editor elementor-clearfix\"><p><span style=\"font-weight: 400;\">Voc\u00ea n\u00e3o leu errado, \u00e9 isso mesmo \u2013 mesmo que a rela\u00e7\u00e3o de presta\u00e7\u00e3o de servi\u00e7os aut\u00f4nomo aconte\u00e7a conforme a Lei n. 7.290\/84. Por outro lado, acontecem processos com pedido de reconhecimento de v\u00ednculo empregat\u00edcio, por conta de algumas semelhan\u00e7as da presta\u00e7\u00e3o de trabalho com o que acontece no regime CLT.<\/span><\/p><p><span style=\"font-weight: 400;\">O que a sua empresa precisa fazer nesse caso \u00e9 provar qual \u00e9 a rela\u00e7\u00e3o, de fato, do motorista para com a sua empresa. O problema \u00e9 que muitas situa\u00e7\u00f5es podem dar margem a esse reconhecimento, como exig\u00eancia de que o motorista retorne para prestar conta de suas entregas e de notas fiscais, por exemplo \u2013 al\u00e9m de presta\u00e7\u00e3o de relat\u00f3rios diariamente, com indica\u00e7\u00e3o de hor\u00e1rios, pagamento de sal\u00e1rio mensal fixo, entre outros.<\/span><\/p><p><span style=\"font-weight: 400;\">Por isso que a rela\u00e7\u00e3o pode ser mais arriscada para a sua empresa quando ela resolve optar por motorista aut\u00f4nomo ao inv\u00e9s de transportadora.<\/span><\/p><\/div>\n\t\t\t\t<\/div>\n\t\t\t\t<\/div>\n\t\t\t\t<div class=\"elementor-element elementor-element-037daad elementor-widget elementor-widget-spacer\" data-id=\"037daad\" data-element_type=\"widget\" data-widget_type=\"spacer.default\">\n\t\t\t\t<div class=\"elementor-widget-container\">\n\t\t\t\t\t<div class=\"elementor-spacer\">\n\t\t\t<div class=\"elementor-spacer-inner\"><\/div>\n\t\t<\/div>\n\t\t\t\t<\/div>\n\t\t\t\t<\/div>\n\t\t\t\t\t\t<\/div>\n\t\t\t\t\t<\/div>\n\t\t<\/div>\n\t\t\t\t\t\t\t\t<\/div>\n\t\t\t\t\t<\/div>\n\t\t<\/section>\n\t\t\t\t<section class=\"elementor-section elementor-top-section elementor-element elementor-element-e659bda elementor-section-boxed elementor-section-height-default elementor-section-height-default\" data-id=\"e659bda\" data-element_type=\"section\">\n\t\t\t\t\t\t<div class=\"elementor-container elementor-column-gap-default\">\n\t\t\t\t\t\t\t<div class=\"elementor-row\">\n\t\t\t\t\t<div class=\"elementor-column elementor-col-100 elementor-top-column elementor-element elementor-element-aac79f9\" data-id=\"aac79f9\" data-element_type=\"column\">\n\t\t\t<div class=\"elementor-column-wrap elementor-element-populated\">\n\t\t\t\t\t\t\t<div class=\"elementor-widget-wrap\">\n\t\t\t\t\t\t<div class=\"elementor-element elementor-element-1d3652a elementor-widget elementor-widget-heading\" data-id=\"1d3652a\" data-element_type=\"widget\" data-widget_type=\"heading.default\">\n\t\t\t\t<div class=\"elementor-widget-container\">\n\t\t\t<h2 class=\"elementor-heading-title elementor-size-default\">N\u00e3o existe exclusividade na contrata\u00e7\u00e3o\n<\/h2>\t\t<\/div>\n\t\t\t\t<\/div>\n\t\t\t\t<div class=\"elementor-element elementor-element-ff40d8f elementor-widget elementor-widget-text-editor\" data-id=\"ff40d8f\" data-element_type=\"widget\" data-widget_type=\"text-editor.default\">\n\t\t\t\t<div class=\"elementor-widget-container\">\n\t\t\t\t\t<div class=\"elementor-text-editor elementor-clearfix\"><p><span style=\"font-weight: 400;\">A empresa que opta pelos servi\u00e7os do motorista aut\u00f4nomo n\u00e3o possui garantias sobre a perman\u00eancia desse trabalhador em v\u00e1rios trabalhos seguidos. Afinal, a natureza dessa contrata\u00e7\u00e3o por si s\u00f3 \u00e9 eventual, em contraposi\u00e7\u00e3o com a sua demanda, que permanece constante nas atividades da empresa.<\/span><\/p><p><span style=\"font-weight: 400;\">Por outro lado, na contrata\u00e7\u00e3o de transportadora, voc\u00ea consegue estipular um per\u00edodo maior nessa rela\u00e7\u00e3o de presta\u00e7\u00e3o de servi\u00e7os, diminuindo a preocupa\u00e7\u00e3o de ter que entrar em contato sempre que seja necess\u00e1rio ou ter que perder tempo falando com v\u00e1rios motoristas que podem estar em outros processos de entrega.<\/span><\/p><p><span style=\"font-weight: 400;\">Vale lembrar que o motorista aut\u00f4nomo pode, sim, continuar prestando servi\u00e7os, mas, como vimos antes, isso pode ser prejudicial para sua empresa caso haja processo trabalhista, algo que pode virar uma brecha e prejudicar a sua empresa, fazendo perder o processo em quest\u00e3o.<\/span><\/p><\/div>\n\t\t\t\t<\/div>\n\t\t\t\t<\/div>\n\t\t\t\t<div class=\"elementor-element elementor-element-6c5fed1 elementor-widget elementor-widget-spacer\" data-id=\"6c5fed1\" data-element_type=\"widget\" data-widget_type=\"spacer.default\">\n\t\t\t\t<div class=\"elementor-widget-container\">\n\t\t\t\t\t<div class=\"elementor-spacer\">\n\t\t\t<div class=\"elementor-spacer-inner\"><\/div>\n\t\t<\/div>\n\t\t\t\t<\/div>\n\t\t\t\t<\/div>\n\t\t\t\t\t\t<\/div>\n\t\t\t\t\t<\/div>\n\t\t<\/div>\n\t\t\t\t\t\t\t\t<\/div>\n\t\t\t\t\t<\/div>\n\t\t<\/section>\n\t\t\t\t<section class=\"elementor-section elementor-top-section elementor-element elementor-element-967a146 elementor-section-boxed elementor-section-height-default elementor-section-height-default\" data-id=\"967a146\" data-element_type=\"section\">\n\t\t\t\t\t\t<div class=\"elementor-container elementor-column-gap-default\">\n\t\t\t\t\t\t\t<div class=\"elementor-row\">\n\t\t\t\t\t<div class=\"elementor-column elementor-col-100 elementor-top-column elementor-element elementor-element-60771e7\" data-id=\"60771e7\" data-element_type=\"column\">\n\t\t\t<div class=\"elementor-column-wrap elementor-element-populated\">\n\t\t\t\t\t\t\t<div class=\"elementor-widget-wrap\">\n\t\t\t\t\t\t<div class=\"elementor-element elementor-element-7d235d1 elementor-widget elementor-widget-heading\" data-id=\"7d235d1\" data-element_type=\"widget\" data-widget_type=\"heading.default\">\n\t\t\t\t<div class=\"elementor-widget-container\">\n\t\t\t<h2 class=\"elementor-heading-title elementor-size-default\">A comunica\u00e7\u00e3o com uma transportadora \u00e9 mais direta<\/h2>\t\t<\/div>\n\t\t\t\t<\/div>\n\t\t\t\t<div class=\"elementor-element elementor-element-1582e81 elementor-widget elementor-widget-text-editor\" data-id=\"1582e81\" data-element_type=\"widget\" data-widget_type=\"text-editor.default\">\n\t\t\t\t<div class=\"elementor-widget-container\">\n\t\t\t\t\t<div class=\"elementor-text-editor elementor-clearfix\"><p><span style=\"font-weight: 400;\">Quando opta por um aut\u00f4nomo, seus colaboradores n\u00e3o podem criar uma comunica\u00e7\u00e3o direta, como quem fala com outro colaborador, por exemplo. A sua empresa n\u00e3o pode fazer exig\u00eancias a um profissional liberal, que \u00e9 o caso do aut\u00f4nomo, sobre seus hor\u00e1rios, presta\u00e7\u00e3o de contas em momentos determinados por sua empresa, entre outros.<\/span><\/p><p><span style=\"font-weight: 400;\">Isso pode ser caracterizado apenas quando h\u00e1 o v\u00ednculo empregat\u00edcio ou uma contrata\u00e7\u00e3o que estipule esse relacionamento, como pode acontecer com os servi\u00e7os terceirizados de transporte. Ent\u00e3o, basta estabelecer como ser\u00e1 a din\u00e2mica de trabalho na contra\u00e7\u00e3o da transportadora.<\/span><\/p><p><span style=\"font-weight: 400;\">A postura de um profissional liberal \u00e9 diferente de um colaborador da sua organiza\u00e7\u00e3o ou um colaborador de outra que seja contratada. Isso pode trazer dificuldades no dia a dia, afinal, a comunica\u00e7\u00e3o faz toda a diferen\u00e7a na din\u00e2mica de trabalho e pode influenciar na produtividade.<\/span><\/p><\/div>\n\t\t\t\t<\/div>\n\t\t\t\t<\/div>\n\t\t\t\t<div class=\"elementor-element elementor-element-e631811 elementor-widget elementor-widget-spacer\" data-id=\"e631811\" data-element_type=\"widget\" data-widget_type=\"spacer.default\">\n\t\t\t\t<div class=\"elementor-widget-container\">\n\t\t\t\t\t<div class=\"elementor-spacer\">\n\t\t\t<div class=\"elementor-spacer-inner\"><\/div>\n\t\t<\/div>\n\t\t\t\t<\/div>\n\t\t\t\t<\/div>\n\t\t\t\t\t\t<\/div>\n\t\t\t\t\t<\/div>\n\t\t<\/div>\n\t\t\t\t\t\t\t\t<\/div>\n\t\t\t\t\t<\/div>\n\t\t<\/section>\n\t\t\t\t<section class=\"elementor-section elementor-top-section elementor-element elementor-element-e01a458 elementor-section-boxed elementor-section-height-default elementor-section-height-default\" data-id=\"e01a458\" data-element_type=\"section\">\n\t\t\t\t\t\t<div class=\"elementor-container elementor-column-gap-default\">\n\t\t\t\t\t\t\t<div class=\"elementor-row\">\n\t\t\t\t\t<div class=\"elementor-column elementor-col-100 elementor-top-column elementor-element elementor-element-f127dfa\" data-id=\"f127dfa\" data-element_type=\"column\">\n\t\t\t<div class=\"elementor-column-wrap elementor-element-populated\">\n\t\t\t\t\t\t\t<div class=\"elementor-widget-wrap\">\n\t\t\t\t\t\t<div class=\"elementor-element elementor-element-eff297f elementor-widget elementor-widget-heading\" data-id=\"eff297f\" data-element_type=\"widget\" data-widget_type=\"heading.default\">\n\t\t\t\t<div class=\"elementor-widget-container\">\n\t\t\t<h2 class=\"elementor-heading-title elementor-size-default\">A sua empresa tem maior seguran\u00e7a sobre as condi\u00e7\u00f5es do ve\u00edculo<\/h2>\t\t<\/div>\n\t\t\t\t<\/div>\n\t\t\t\t<div class=\"elementor-element elementor-element-b7bca75 elementor-widget elementor-widget-text-editor\" data-id=\"b7bca75\" data-element_type=\"widget\" data-widget_type=\"text-editor.default\">\n\t\t\t\t<div class=\"elementor-widget-container\">\n\t\t\t\t\t<div class=\"elementor-text-editor elementor-clearfix\"><p><span style=\"font-weight: 400;\">Mais uma vez ressaltamos que a sua empresa pode pedir alguns pr\u00e9-requisitos, mas n\u00e3o fazer exig\u00eancias em si quando vai contratar o aut\u00f4nomo. \u00c9 o caso do estado de conserva\u00e7\u00e3o dos ve\u00edculos, por exemplo, o que \u00e9 diferente no caso da contrata\u00e7\u00e3o de transportadoras, afinal, voc\u00ea pode exigir mais sobre tal quesito.<\/span><\/p><p><span style=\"font-weight: 400;\">Sem contar que o motorista pode omitir alguma informa\u00e7\u00e3o importante, assim, a sua empresa fica mais vulner\u00e1vel \u00e0 ocorr\u00eancia de problemas na estrada. Um detalhe que pode fazer toda a diferen\u00e7a quando houver a necessidade de cumprir com um hor\u00e1rio espec\u00edfico, gerando atrasos nas entregas.<\/span><\/p><p><span style=\"font-weight: 400;\">Outra quest\u00e3o importante sobre a seguran\u00e7a \u00e9 a gama de recursos que as transportadoras possuem para monitoramento dos ve\u00edculos, j\u00e1 que \u00e9 pr\u00e1tica identificar onde os motoristas est\u00e3o e quando eles chegam ao destino.<\/span><\/p><\/div>\n\t\t\t\t<\/div>\n\t\t\t\t<\/div>\n\t\t\t\t<div class=\"elementor-element elementor-element-5aee440 elementor-widget elementor-widget-spacer\" data-id=\"5aee440\" data-element_type=\"widget\" data-widget_type=\"spacer.default\">\n\t\t\t\t<div class=\"elementor-widget-container\">\n\t\t\t\t\t<div class=\"elementor-spacer\">\n\t\t\t<div class=\"elementor-spacer-inner\"><\/div>\n\t\t<\/div>\n\t\t\t\t<\/div>\n\t\t\t\t<\/div>\n\t\t\t\t\t\t<\/div>\n\t\t\t\t\t<\/div>\n\t\t<\/div>\n\t\t\t\t\t\t\t\t<\/div>\n\t\t\t\t\t<\/div>\n\t\t<\/section>\n\t\t\t\t<section class=\"elementor-section elementor-top-section elementor-element elementor-element-c678f7f elementor-section-boxed elementor-section-height-default elementor-section-height-default\" data-id=\"c678f7f\" data-element_type=\"section\">\n\t\t\t\t\t\t<div class=\"elementor-container elementor-column-gap-default\">\n\t\t\t\t\t\t\t<div class=\"elementor-row\">\n\t\t\t\t\t<div class=\"elementor-column elementor-col-100 elementor-top-column elementor-element elementor-element-1c5865b\" data-id=\"1c5865b\" data-element_type=\"column\">\n\t\t\t<div class=\"elementor-column-wrap elementor-element-populated\">\n\t\t\t\t\t\t\t<div class=\"elementor-widget-wrap\">\n\t\t\t\t\t\t<div class=\"elementor-element elementor-element-8f1c94a elementor-widget elementor-widget-heading\" data-id=\"8f1c94a\" data-element_type=\"widget\" data-widget_type=\"heading.default\">\n\t\t\t\t<div class=\"elementor-widget-container\">\n\t\t\t<h2 class=\"elementor-heading-title elementor-size-default\">Os riscos de golpes s\u00e3o menores\n<\/h2>\t\t<\/div>\n\t\t\t\t<\/div>\n\t\t\t\t<div class=\"elementor-element elementor-element-0194112 elementor-widget elementor-widget-text-editor\" data-id=\"0194112\" data-element_type=\"widget\" data-widget_type=\"text-editor.default\">\n\t\t\t\t<div class=\"elementor-widget-container\">\n\t\t\t\t\t<div class=\"elementor-text-editor elementor-clearfix\"><p dir=\"ltr\" style=\"line-height: 1.2; margin-top: 11.25pt; margin-bottom: 0pt;\"><span style=\"font-size: 10.5pt; font-family: 'Source Sans Pro',sans-serif; color: #797979; background-color: transparent; font-weight: 400; font-style: normal; font-variant: normal; text-decoration: none; vertical-align: baseline; white-space: pre-wrap;\">Infelizmente muitos bandidos acabam se aproveitando desse tipo de servi\u00e7os para a aplica\u00e7\u00e3o de golpes contra empresas durante o transporte. S\u00e3o os desvios de frete, meios pelos quais os supostos caminhoneiros roubam a carga que deveria ser transportada.<\/span><\/p><p dir=\"ltr\" style=\"line-height: 1.2; margin-top: 11.25pt; margin-bottom: 0pt;\"><span style=\"font-size: 10.5pt; font-family: 'Source Sans Pro',sans-serif; color: #797979; background-color: transparent; font-weight: 400; font-style: normal; font-variant: normal; text-decoration: none; vertical-align: baseline; white-space: pre-wrap;\">Muitos utilizam sites e plataformas que anunciam vagas para transporte de cargas, aproveitando os locais com menos exig\u00eancias para contrata\u00e7\u00e3o. O alvo s\u00e3o as cargas que possuem valores mais baixos, porque normalmente n\u00e3o possuem rastreamento eletr\u00f4nico, facilitando ainda mais que o crime seja efetivado.<\/span><\/p><p>\u00a0<\/p><p dir=\"ltr\" style=\"line-height: 1.2; margin-top: 11.25pt; margin-bottom: 0pt;\"><span style=\"font-size: 10.5pt; font-family: 'Source Sans Pro',sans-serif; color: #797979; background-color: transparent; font-weight: 400; font-style: normal; font-variant: normal; text-decoration: none; vertical-align: baseline; white-space: pre-wrap;\">Imagine, portanto, que, ou a sua empresa cria uma lista de exig\u00eancias, dificultando encontrar um motorista que obede\u00e7a a todas elas, ou diminui as exig\u00eancias, mas se coloca em risco para esse tipo de golpe.<\/span><\/p><\/div>\n\t\t\t\t<\/div>\n\t\t\t\t<\/div>\n\t\t\t\t<div class=\"elementor-element elementor-element-b3ce25f elementor-widget elementor-widget-image\" data-id=\"b3ce25f\" data-element_type=\"widget\" data-widget_type=\"image.default\">\n\t\t\t\t<div class=\"elementor-widget-container\">\n\t\t\t\t\t<div class=\"elementor-image\">\n\t\t\t\t\t\t\t\t\t\t<img width=\"660\" height=\"553\" src=\"https:\/\/setransportes.com.br\/site\/wp-content\/uploads\/2021\/12\/20210825_125452-768x644-1.jpg\" class=\"attachment-large size-large\" alt=\"\" loading=\"lazy\" srcset=\"https:\/\/setransportes.com.br\/site\/wp-content\/uploads\/2021\/12\/20210825_125452-768x644-1.jpg 768w, https:\/\/setransportes.com.br\/site\/wp-content\/uploads\/2021\/12\/20210825_125452-768x644-1-300x252.jpg 300w\" sizes=\"(max-width: 660px) 100vw, 660px\" \/>\t\t\t\t\t\t\t\t\t\t\t<\/div>\n\t\t\t\t<\/div>\n\t\t\t\t<\/div>\n\t\t\t\t<div class=\"elementor-element elementor-element-a76d705 elementor-widget elementor-widget-spacer\" data-id=\"a76d705\" data-element_type=\"widget\" data-widget_type=\"spacer.default\">\n\t\t\t\t<div class=\"elementor-widget-container\">\n\t\t\t\t\t<div class=\"elementor-spacer\">\n\t\t\t<div class=\"elementor-spacer-inner\"><\/div>\n\t\t<\/div>\n\t\t\t\t<\/div>\n\t\t\t\t<\/div>\n\t\t\t\t\t\t<\/div>\n\t\t\t\t\t<\/div>\n\t\t<\/div>\n\t\t\t\t\t\t\t\t<\/div>\n\t\t\t\t\t<\/div>\n\t\t<\/section>\n\t\t\t\t<section class=\"elementor-section elementor-top-section elementor-element elementor-element-425b794 elementor-section-boxed elementor-section-height-default elementor-section-height-default\" data-id=\"425b794\" data-element_type=\"section\">\n\t\t\t\t\t\t<div class=\"elementor-container elementor-column-gap-default\">\n\t\t\t\t\t\t\t<div class=\"elementor-row\">\n\t\t\t\t\t<div class=\"elementor-column elementor-col-100 elementor-top-column elementor-element elementor-element-8fe1731\" data-id=\"8fe1731\" data-element_type=\"column\">\n\t\t\t<div class=\"elementor-column-wrap elementor-element-populated\">\n\t\t\t\t\t\t\t<div class=\"elementor-widget-wrap\">\n\t\t\t\t\t\t<div class=\"elementor-element elementor-element-ccdd582 elementor-widget elementor-widget-text-editor\" data-id=\"ccdd582\" data-element_type=\"widget\" data-widget_type=\"text-editor.default\">\n\t\t\t\t<div class=\"elementor-widget-container\">\n\t\t\t\t\t<div class=\"elementor-text-editor elementor-clearfix\"><p><strong>Sabemos que muitas empresas optam por diferentes din\u00e2micas ao transportar cargas, por\u00e9m, vale a pena avaliar os riscos, custo-benef\u00edcio e quaisquer outros requisitos para que n\u00e3o haja problemas. Assim, sabemos que \u00e9 importante conhecer os motivos para se contratar uma transportadora ao inv\u00e9s de motorista aut\u00f4nomo.<\/strong><\/p><p><strong>Desde situa\u00e7\u00f5es mais complexas, como os processos trabalhistas, at\u00e9 os mais simples, como a falta de disponibilidade, podem influenciar na sua decis\u00e3o. As cobran\u00e7as n\u00e3o poder\u00e3o ser feitas em alguns tipos de contrata\u00e7\u00e3o, sendo algo que impacta no dia a dia dos seus colaboradores envolvidos na gest\u00e3o.<\/strong><\/p><p><strong>No mais, ao procurar uma transportadora, \u00e9 muito importante ter aten\u00e7\u00e3o para a negocia\u00e7\u00e3o das condi\u00e7\u00f5es do contrato, para que possa fazer as exig\u00eancias que garantam a qualidade da sua empresa. A burocracia nesse caso pode trazer mais vantagens do que procurar um v\u00ednculo que seria aparentemente mais simples para sua empresa.<\/strong><\/p><p><strong>Podemos te ajudar, basta entrar em contato para realizar uma cota\u00e7\u00e3o ou tirar as suas d\u00favidas sobre o assunto.<\/strong><\/p><p><br \/><br \/><\/p><\/div>\n\t\t\t\t<\/div>\n\t\t\t\t<\/div>\n\t\t\t\t<div class=\"elementor-element elementor-element-6bde004 elementor-widget elementor-widget-spacer\" data-id=\"6bde004\" data-element_type=\"widget\" data-widget_type=\"spacer.default\">\n\t\t\t\t<div class=\"elementor-widget-container\">\n\t\t\t\t\t<div class=\"elementor-spacer\">\n\t\t\t<div class=\"elementor-spacer-inner\"><\/div>\n\t\t<\/div>\n\t\t\t\t<\/div>\n\t\t\t\t<\/div>\n\t\t\t\t\t\t<\/div>\n\t\t\t\t\t<\/div>\n\t\t<\/div>\n\t\t\t\t\t\t\t\t<\/div>\n\t\t\t\t\t<\/div>\n\t\t<\/section>\n\t\t\t\t<section class=\"elementor-section elementor-top-section elementor-element elementor-element-f3aee5a elementor-section-boxed elementor-section-height-default elementor-section-height-default\" data-id=\"f3aee5a\" data-element_type=\"section\">\n\t\t\t\t\t\t<div class=\"elementor-container elementor-column-gap-default\">\n\t\t\t\t\t\t\t<div class=\"elementor-row\">\n\t\t\t\t\t<div class=\"elementor-column elementor-col-100 elementor-top-column elementor-element elementor-element-f43591b\" data-id=\"f43591b\" data-element_type=\"column\">\n\t\t\t<div class=\"elementor-column-wrap elementor-element-populated\">\n\t\t\t\t\t\t\t<div class=\"elementor-widget-wrap\">\n\t\t\t\t\t\t<div class=\"elementor-element elementor-element-609a750 elementor-widget elementor-widget-spacer\" data-id=\"609a750\" data-element_type=\"widget\" data-widget_type=\"spacer.default\">\n\t\t\t\t<div class=\"elementor-widget-container\">\n\t\t\t\t\t<div class=\"elementor-spacer\">\n\t\t\t<div class=\"elementor-spacer-inner\"><\/div>\n\t\t<\/div>\n\t\t\t\t<\/div>\n\t\t\t\t<\/div>\n\t\t\t\t\t\t<\/div>\n\t\t\t\t\t<\/div>\n\t\t<\/div>\n\t\t\t\t\t\t\t\t<\/div>\n\t\t\t\t\t<\/div>\n\t\t<\/section>\n\t\t\t\t\t\t<\/div>\n\t\t\t\t\t\t<\/div>\n\t\t\t\t\t<\/div>\n\t\t","protected":false},"excerpt":{"rendered":"<p>Motivos para se contratar uma transportadora ao inv\u00e9s de motorista aut\u00f4nomo O transporte de cargas pelo modal rodovi\u00e1rio \u00e9 o que mais movimenta a economia aqui em nosso pa\u00eds. Muitas empresas do ramo ficam em d\u00favidas entre contratar uma transportadora ao inv\u00e9s de motorista aut\u00f4nomo, mas, veremos que h\u00e1 muitas diferen\u00e7as nessas diferentes contrata\u00e7\u00f5es. Afinal, &hellip; <br \/><a href=\"https:\/\/setransportes.com.br\/site\/2021\/12\/01\/motivos-para-escolher-uma-transportadora\/\" class=\"more-link\">Continue lendo<\/a><\/p>\n","protected":false},"author":1,"featured_media":0,"comment_status":"closed","ping_status":"closed","sticky":false,"template":"","format":"standard","meta":[],"categories":[47,44],"tags":[],"_links":{"self":[{"href":"https:\/\/setransportes.com.br\/site\/wp-json\/wp\/v2\/posts\/966"}],"collection":[{"href":"https:\/\/setransportes.com.br\/site\/wp-json\/wp\/v2\/posts"}],"about":[{"href":"https:\/\/setransportes.com.br\/site\/wp-json\/wp\/v2\/types\/post"}],"author":[{"embeddable":true,"href":"https:\/\/setransportes.com.br\/site\/wp-json\/wp\/v2\/users\/1"}],"replies":[{"embeddable":true,"href":"https:\/\/setransportes.com.br\/site\/wp-json\/wp\/v2\/comments?post=966"}],"version-history":[{"count":5,"href":"https:\/\/setransportes.com.br\/site\/wp-json\/wp\/v2\/posts\/966\/revisions"}],"predecessor-version":[{"id":977,"href":"https:\/\/setransportes.com.br\/site\/wp-json\/wp\/v2\/posts\/966\/revisions\/977"}],"wp:attachment":[{"href":"https:\/\/setransportes.com.br\/site\/wp-json\/wp\/v2\/media?parent=966"}],"wp:term":[{"taxonomy":"category","embeddable":true,"href":"https:\/\/setransportes.com.br\/site\/wp-json\/wp\/v2\/categories?post=966"},{"taxonomy":"post_tag","embeddable":true,"href":"https:\/\/setransportes.com.br\/site\/wp-json\/wp\/v2\/tags?post=966"}],"curies":[{"name":"wp","href":"https:\/\/api.w.org\/{rel}","templated":true}]}}